{"id":4381,"date":"2013-10-21T16:27:39","date_gmt":"2013-10-21T15:27:39","guid":{"rendered":"http:\/\/www.solucominsight.fr\/?p=4381"},"modified":"2015-01-21T09:53:23","modified_gmt":"2015-01-21T08:53:23","slug":"doubler-les-capacites-du-si-en-6-mois-pret-a-relever-le-defi","status":"publish","type":"post","link":"https:\/\/www.riskinsight-wavestone.com\/en\/2013\/10\/doubler-les-capacites-du-si-en-6-mois-pret-a-relever-le-defi\/","title":{"rendered":"Doubler les capacit\u00e9s du SI en 6 mois : pr\u00eats \u00e0 relever le d\u00e9fi ?"},"content":{"rendered":"<p><em>L\u2019actualit\u00e9 \u00e9conomique instable de ces derni\u00e8res ann\u00e9es a pouss\u00e9 de nombreuses entreprises \u00e0 restreindre le budget des DSI et par cons\u00e9quent les investissements d\u00e9di\u00e9s \u00e0 moderniser leurs infrastructures vieillissantes.<\/em><\/p>\n<p><em>Le contexte ambiant laisse du reste peu de place \u00e0 l\u2019anticipation\u2026 Les DSI doivent assurer les transformations du SI dans des d\u00e9lais toujours plus courts. Un nouveau march\u00e9 peut \u00eatre gagn\u00e9, un nouveau besoin m\u00e9tier \u00e9merger sans que la DSI n\u2019ait beaucoup de temps pour \u00e9tudier les impacts sur le SI existant et mettre en \u0153uvre la solution ad\u00e9quate. Comment par exemple absorber en quelques mois une augmentation de 100% du volume de donn\u00e9es trait\u00e9es et faire face \u00e0 des probl\u00e9matiques de scalabilit\u00e9 horizontale et verticale ? En voici quelques cl\u00e9s.<\/em><\/p>\n<h2>Gagner du temps en conjugant \u00a0les solutions techniques du march\u00e9<\/h2>\n<p>Le <em>Cloud<\/em> public est s\u00e9duisant sur le papier, la scalabilit\u00e9 \u00e9tant assur\u00e9e par l\u2019h\u00e9bergeur du service. Cette solution est du reste \u00e0 privil\u00e9gier pour des services ayant peu de d\u00e9pendances avec d\u2019autres applications du SI (application RH, gestion de tr\u00e9sorerie&#8230;). La migration de la totalit\u00e9 d\u2019un SI vers ce type d\u2019offres, sans d\u00e9j\u00e0 poss\u00e9der un <a href=\"http:\/\/www.solucominsight.fr\/2013\/09\/quelles-vertus-au-cloud-hybride\/\">Cloud hybride<\/a><em>, <\/em>s\u2019av\u00e8re en effet tr\u00e8s difficile dans des d\u00e9lais serr\u00e9s.<\/p>\n<p>Les solutions int\u00e9gr\u00e9es, de leur c\u00f4t\u00e9, incluant \u00e0 la fois le mat\u00e9riel et le logiciel, sont pertinentes lorsque le parc applicatif (serveur d\u2019applications ou bases de donn\u00e9es) est homog\u00e8ne et que le besoin de mont\u00e9e en capacit\u00e9 concerne plusieurs applications. L\u2019investissement est bien s\u00fbr cons\u00e9quent et le choix structurant pour le SI, mais le gain de temps n\u2019est pas n\u00e9gligeable lors de la mise en \u0153uvre. De plus, ces solutions comportent des m\u00e9canismes permettant d\u2019activer de la puissance suppl\u00e9mentaire \u00e0 la demande, ce qui laisse plus de souplesse pour effectuer le dimensionnement initial des infrastructures.<\/p>\n<p>La virtualisation est pour finir une solution plus adapt\u00e9e en pr\u00e9sence d\u2019un parc applicatif h\u00e9t\u00e9rog\u00e8ne et fractionn\u00e9. Les m\u00e9canismes fournis par les \u00e9diteurs, notamment la copie de machine virtuelle, sont des acc\u00e9l\u00e9rateurs pour la cr\u00e9ation des diff\u00e9rents environnements d\u2019une m\u00eame application. La mont\u00e9e en charge des syst\u00e8mes est quant \u00e0 elle facilit\u00e9e gr\u00e2ce au m\u00e9canisme permettant d\u2019ajouter de la m\u00e9moire et des processeurs virtuels en quelques clics. Le rajout d\u2019un nouveau n\u0153ud dans un <em>cluster <\/em>existant reste \u00e9galement une op\u00e9ration simple et ma\u00eetris\u00e9e par les exploitants. La virtualisation est en un mot de loin la solution privil\u00e9gi\u00e9e par les clients devant faire \u00e9voluer un existant.<\/p>\n<h2>Anticiper et s\u00e9curiser la transformation gr\u00e2ce au <em>capacity management<\/em><\/h2>\n<p>La souplesse et les gains de temps offerts par les solutions pr\u00e9sent\u00e9es pr\u00e9c\u00e9demment ne doivent pas faire oublier l\u2019importance d\u2019\u00e9valuer les besoins en capacit\u00e9 et performance.<\/p>\n<p>Les services sollicitant fortement les processeurs ou la m\u00e9moire (bases de donn\u00e9es \u00e0 forte volum\u00e9trie, <em>batchs<\/em>, calculs scientifiques\u2026) ne sont pas les candidats id\u00e9aux pour la virtualisation. Il faudra donc dimensionner les futurs serveurs physiques ex\u00e9cutant ces applications avec minutie.<\/p>\n<p>Concernant les chantiers de refonte du SAN et du c\u0153ur LAN, notre marge de man\u0153uvre est \u00e9galement r\u00e9duite, ces \u00e9l\u00e9ments centraux \u00e9tant difficilement \u00e9volutifs sans impacter la production. Le <em>capacity management<\/em> s\u2019av\u00e8re dans ce cas indispensable pour d\u00e9terminer si ces \u00e9quipements doivent \u00eatre remplac\u00e9s pour supporter la mont\u00e9e en charge du SI.<\/p>\n<p>In fine, face \u00e0 des d\u00e9lais serr\u00e9s, la capacit\u00e9 \u00e0 s\u2019appuyer et \u00e0 conjuguer les solutions technologiques du march\u00e9 \u00a0et la connaissance de son parc mat\u00e9riel au travers du <em>capacity management<\/em> sont les leviers cl\u00e9s pour augmenter sereinement la capacit\u00e9 du SI.<\/p>\n<p>Pour autant, il est essentiel de garder en t\u00eate que nul chantier ne peut \u00eatre men\u00e9 \u00e0 bien sans l\u2019implication et la f\u00e9d\u00e9ration des acteurs aussi bien IT que M\u00e9tiers qui doivent travailler ensemble \u00e0 la r\u00e9ussite de ce projet. Pour relever le d\u00e9fi c\u2019est bien ce triptyque gagnant qu\u2019il faut mettre en \u0153uvre.<\/p>\n<p>&nbsp;<\/p>\n","protected":false},"excerpt":{"rendered":"<p>L\u2019actualit\u00e9 \u00e9conomique instable de ces derni\u00e8res ann\u00e9es a pouss\u00e9 de nombreuses entreprises \u00e0 restreindre le budget des DSI et par cons\u00e9quent les investissements d\u00e9di\u00e9s \u00e0 moderniser leurs infrastructures vieillissantes. Le contexte ambiant laisse du reste peu de place \u00e0 l\u2019anticipation\u2026&#8230;<\/p>\n","protected":false},"author":201,"featured_media":6329,"comment_status":"closed","ping_status":"closed","sticky":false,"template":"page-templates\/tmpl-one.php","format":"standard","meta":{"_acf_changed":false,"footnotes":""},"categories":[35],"tags":[1364,1363,80,44,978,543,1058,1365,355],"coauthors":[1308],"class_list":["post-4381","post","type-post","status-publish","format-standard","has-post-thumbnail","hentry","category-strategie-projets-it","tag-capacity-management","tag-capacity-planning","tag-cloud","tag-cloud-computing","tag-croissance","tag-reduction-des-couts","tag-scalabilite","tag-solution-integree","tag-virtualisation"],"acf":[],"yoast_head":"<!-- This site is optimized with the Yoast SEO plugin v27.0 - https:\/\/yoast.com\/product\/yoast-seo-wordpress\/ -->\n<title>Doubler les capacit\u00e9s du SI en 6 mois : pr\u00eat \u00e0 relever le d\u00e9fi ?<\/title>\n<meta name=\"description\" content=\"L\u2019actualit\u00e9 \u00e9conomique instable de ces derni\u00e8res ann\u00e9es a pouss\u00e9 de nombreuses entreprises \u00e0 restreindre le budget des DSI et par cons\u00e9quent les investissements d\u00e9di\u00e9s \u00e0 moderniser leurs infrastructures vieillissantes. Le contexte ambiant laisse du reste peu de place \u00e0 l\u2019anticipation\u2026 Les DSI doivent assurer les transformations du SI dans des d\u00e9lais toujours plus courts. Un nouveau march\u00e9 peut \u00eatre gagn\u00e9, un nouveau besoin m\u00e9tier \u00e9merger sans que la DSI n\u2019ait beaucoup de temps pour \u00e9tudier les impacts sur le SI existant et mettre en \u0153uvre la solution ad\u00e9quate. Comment par exemple absorber en quelques mois une augmentation de 100% du volume de donn\u00e9es trait\u00e9es et faire face \u00e0 des probl\u00e9matiques de scalabilit\u00e9 horizontale et verticale ? En voici quelques cl\u00e9s.\" \/>\n<meta name=\"robots\" content=\"index, follow, max-snippet:-1, max-image-preview:large, max-video-preview:-1\" \/>\n<link rel=\"canonical\" href=\"https:\/\/www.riskinsight-wavestone.com\/2013\/10\/doubler-les-capacites-du-si-en-6-mois-pret-a-relever-le-defi\/\" \/>\n<meta property=\"og:locale\" content=\"en_US\" \/>\n<meta property=\"og:type\" content=\"article\" \/>\n<meta property=\"og:title\" content=\"Doubler les capacit\u00e9s du SI en 6 mois : pr\u00eat \u00e0 relever le d\u00e9fi ?\" \/>\n<meta property=\"og:description\" content=\"L\u2019actualit\u00e9 \u00e9conomique instable de ces derni\u00e8res ann\u00e9es a pouss\u00e9 de nombreuses entreprises \u00e0 restreindre le budget des DSI et par cons\u00e9quent les investissements d\u00e9di\u00e9s \u00e0 moderniser leurs infrastructures vieillissantes. Le contexte ambiant laisse du reste peu de place \u00e0 l\u2019anticipation\u2026 Les DSI doivent assurer les transformations du SI dans des d\u00e9lais toujours plus courts. Un nouveau march\u00e9 peut \u00eatre gagn\u00e9, un nouveau besoin m\u00e9tier \u00e9merger sans que la DSI n\u2019ait beaucoup de temps pour \u00e9tudier les impacts sur le SI existant et mettre en \u0153uvre la solution ad\u00e9quate. Comment par exemple absorber en quelques mois une augmentation de 100% du volume de donn\u00e9es trait\u00e9es et faire face \u00e0 des probl\u00e9matiques de scalabilit\u00e9 horizontale et verticale ? En voici quelques cl\u00e9s.\" \/>\n<meta property=\"og:url\" content=\"https:\/\/www.riskinsight-wavestone.com\/2013\/10\/doubler-les-capacites-du-si-en-6-mois-pret-a-relever-le-defi\/\" \/>\n<meta property=\"og:site_name\" content=\"RiskInsight\" \/>\n<meta property=\"article:published_time\" content=\"2013-10-21T15:27:39+00:00\" \/>\n<meta property=\"article:modified_time\" content=\"2015-01-21T08:53:23+00:00\" \/>\n<meta property=\"og:image\" content=\"https:\/\/www.riskinsight-wavestone.com\/wp-content\/uploads\/2013\/10\/fotolia_36502875_S21.jpg\" \/>\n\t<meta property=\"og:image:width\" content=\"766\" \/>\n\t<meta property=\"og:image:height\" content=\"627\" \/>\n\t<meta property=\"og:image:type\" content=\"image\/jpeg\" \/>\n<meta name=\"author\" content=\"Jonas Cadillon\" \/>\n<meta name=\"twitter:label1\" content=\"Written by\" \/>\n\t<meta name=\"twitter:data1\" content=\"Jonas Cadillon\" \/>\n\t<meta name=\"twitter:label2\" content=\"Est. reading time\" \/>\n\t<meta name=\"twitter:data2\" content=\"4 minutes\" \/>\n<script type=\"application\/ld+json\" class=\"yoast-schema-graph\">{\"@context\":\"https:\/\/schema.org\",\"@graph\":[{\"@type\":\"Article\",\"@id\":\"https:\/\/www.riskinsight-wavestone.com\/2013\/10\/doubler-les-capacites-du-si-en-6-mois-pret-a-relever-le-defi\/#article\",\"isPartOf\":{\"@id\":\"https:\/\/www.riskinsight-wavestone.com\/2013\/10\/doubler-les-capacites-du-si-en-6-mois-pret-a-relever-le-defi\/\"},\"author\":{\"name\":\"Jonas Cadillon\",\"@id\":\"https:\/\/www.riskinsight-wavestone.com\/en\/#\/schema\/person\/23b3b4974a1756325c2e4ac852d8aa3a\"},\"headline\":\"Doubler les capacit\u00e9s du SI en 6 mois : pr\u00eats \u00e0 relever le d\u00e9fi ?\",\"datePublished\":\"2013-10-21T15:27:39+00:00\",\"dateModified\":\"2015-01-21T08:53:23+00:00\",\"mainEntityOfPage\":{\"@id\":\"https:\/\/www.riskinsight-wavestone.com\/2013\/10\/doubler-les-capacites-du-si-en-6-mois-pret-a-relever-le-defi\/\"},\"wordCount\":729,\"publisher\":{\"@id\":\"https:\/\/www.riskinsight-wavestone.com\/en\/#organization\"},\"image\":{\"@id\":\"https:\/\/www.riskinsight-wavestone.com\/2013\/10\/doubler-les-capacites-du-si-en-6-mois-pret-a-relever-le-defi\/#primaryimage\"},\"thumbnailUrl\":\"https:\/\/www.riskinsight-wavestone.com\/wp-content\/uploads\/2013\/10\/fotolia_36502875_S21.jpg\",\"keywords\":[\"capacity management\",\"capacity planning\",\"Cloud\",\"Cloud computing\",\"Croissance\",\"r\u00e9duction des co\u00fbts\",\"scalabilit\u00e9\",\"solution int\u00e9gr\u00e9e\",\"virtualisation\"],\"articleSection\":[\"M\u00e9tiers - Strat\u00e9gie &amp; projets IT\"],\"inLanguage\":\"en-US\"},{\"@type\":\"WebPage\",\"@id\":\"https:\/\/www.riskinsight-wavestone.com\/2013\/10\/doubler-les-capacites-du-si-en-6-mois-pret-a-relever-le-defi\/\",\"url\":\"https:\/\/www.riskinsight-wavestone.com\/2013\/10\/doubler-les-capacites-du-si-en-6-mois-pret-a-relever-le-defi\/\",\"name\":\"Doubler les capacit\u00e9s du SI en 6 mois : pr\u00eat \u00e0 relever le d\u00e9fi ?\",\"isPartOf\":{\"@id\":\"https:\/\/www.riskinsight-wavestone.com\/en\/#website\"},\"primaryImageOfPage\":{\"@id\":\"https:\/\/www.riskinsight-wavestone.com\/2013\/10\/doubler-les-capacites-du-si-en-6-mois-pret-a-relever-le-defi\/#primaryimage\"},\"image\":{\"@id\":\"https:\/\/www.riskinsight-wavestone.com\/2013\/10\/doubler-les-capacites-du-si-en-6-mois-pret-a-relever-le-defi\/#primaryimage\"},\"thumbnailUrl\":\"https:\/\/www.riskinsight-wavestone.com\/wp-content\/uploads\/2013\/10\/fotolia_36502875_S21.jpg\",\"datePublished\":\"2013-10-21T15:27:39+00:00\",\"dateModified\":\"2015-01-21T08:53:23+00:00\",\"description\":\"L\u2019actualit\u00e9 \u00e9conomique instable de ces derni\u00e8res ann\u00e9es a pouss\u00e9 de nombreuses entreprises \u00e0 restreindre le budget des DSI et par cons\u00e9quent les investissements d\u00e9di\u00e9s \u00e0 moderniser leurs infrastructures vieillissantes. Le contexte ambiant laisse du reste peu de place \u00e0 l\u2019anticipation\u2026 Les DSI doivent assurer les transformations du SI dans des d\u00e9lais toujours plus courts. Un nouveau march\u00e9 peut \u00eatre gagn\u00e9, un nouveau besoin m\u00e9tier \u00e9merger sans que la DSI n\u2019ait beaucoup de temps pour \u00e9tudier les impacts sur le SI existant et mettre en \u0153uvre la solution ad\u00e9quate. Comment par exemple absorber en quelques mois une augmentation de 100% du volume de donn\u00e9es trait\u00e9es et faire face \u00e0 des probl\u00e9matiques de scalabilit\u00e9 horizontale et verticale ? En voici quelques cl\u00e9s.\",\"breadcrumb\":{\"@id\":\"https:\/\/www.riskinsight-wavestone.com\/2013\/10\/doubler-les-capacites-du-si-en-6-mois-pret-a-relever-le-defi\/#breadcrumb\"},\"inLanguage\":\"en-US\",\"potentialAction\":[{\"@type\":\"ReadAction\",\"target\":[\"https:\/\/www.riskinsight-wavestone.com\/2013\/10\/doubler-les-capacites-du-si-en-6-mois-pret-a-relever-le-defi\/\"]}]},{\"@type\":\"ImageObject\",\"inLanguage\":\"en-US\",\"@id\":\"https:\/\/www.riskinsight-wavestone.com\/2013\/10\/doubler-les-capacites-du-si-en-6-mois-pret-a-relever-le-defi\/#primaryimage\",\"url\":\"https:\/\/www.riskinsight-wavestone.com\/wp-content\/uploads\/2013\/10\/fotolia_36502875_S21.jpg\",\"contentUrl\":\"https:\/\/www.riskinsight-wavestone.com\/wp-content\/uploads\/2013\/10\/fotolia_36502875_S21.jpg\",\"width\":766,\"height\":627},{\"@type\":\"BreadcrumbList\",\"@id\":\"https:\/\/www.riskinsight-wavestone.com\/2013\/10\/doubler-les-capacites-du-si-en-6-mois-pret-a-relever-le-defi\/#breadcrumb\",\"itemListElement\":[{\"@type\":\"ListItem\",\"position\":1,\"name\":\"Accueil\",\"item\":\"https:\/\/www.riskinsight-wavestone.com\/en\/\"},{\"@type\":\"ListItem\",\"position\":2,\"name\":\"Doubler les capacit\u00e9s du SI en 6 mois : pr\u00eats \u00e0 relever le d\u00e9fi ?\"}]},{\"@type\":\"WebSite\",\"@id\":\"https:\/\/www.riskinsight-wavestone.com\/en\/#website\",\"url\":\"https:\/\/www.riskinsight-wavestone.com\/en\/\",\"name\":\"RiskInsight\",\"description\":\"The cybersecurity &amp; digital trust blog by Wavestone&#039;s consultants\",\"publisher\":{\"@id\":\"https:\/\/www.riskinsight-wavestone.com\/en\/#organization\"},\"potentialAction\":[{\"@type\":\"SearchAction\",\"target\":{\"@type\":\"EntryPoint\",\"urlTemplate\":\"https:\/\/www.riskinsight-wavestone.com\/en\/?s={search_term_string}\"},\"query-input\":{\"@type\":\"PropertyValueSpecification\",\"valueRequired\":true,\"valueName\":\"search_term_string\"}}],\"inLanguage\":\"en-US\"},{\"@type\":\"Organization\",\"@id\":\"https:\/\/www.riskinsight-wavestone.com\/en\/#organization\",\"name\":\"Wavestone\",\"url\":\"https:\/\/www.riskinsight-wavestone.com\/en\/\",\"logo\":{\"@type\":\"ImageObject\",\"inLanguage\":\"en-US\",\"@id\":\"https:\/\/www.riskinsight-wavestone.com\/en\/#\/schema\/logo\/image\/\",\"url\":\"https:\/\/www.riskinsight-wavestone.com\/wp-content\/uploads\/2021\/08\/Monogramme\u2013W\u2013NEGA-RGB-50x50-1.png\",\"contentUrl\":\"https:\/\/www.riskinsight-wavestone.com\/wp-content\/uploads\/2021\/08\/Monogramme\u2013W\u2013NEGA-RGB-50x50-1.png\",\"width\":50,\"height\":50,\"caption\":\"Wavestone\"},\"image\":{\"@id\":\"https:\/\/www.riskinsight-wavestone.com\/en\/#\/schema\/logo\/image\/\"}},{\"@type\":\"Person\",\"@id\":\"https:\/\/www.riskinsight-wavestone.com\/en\/#\/schema\/person\/23b3b4974a1756325c2e4ac852d8aa3a\",\"name\":\"Jonas Cadillon\",\"url\":\"https:\/\/www.riskinsight-wavestone.com\/en\/author\/jonas-cadillon\/\"}]}<\/script>\n<!-- \/ Yoast SEO plugin. -->","yoast_head_json":{"title":"Doubler les capacit\u00e9s du SI en 6 mois : pr\u00eat \u00e0 relever le d\u00e9fi ?","description":"L\u2019actualit\u00e9 \u00e9conomique instable de ces derni\u00e8res ann\u00e9es a pouss\u00e9 de nombreuses entreprises \u00e0 restreindre le budget des DSI et par cons\u00e9quent les investissements d\u00e9di\u00e9s \u00e0 moderniser leurs infrastructures vieillissantes. Le contexte ambiant laisse du reste peu de place \u00e0 l\u2019anticipation\u2026 Les DSI doivent assurer les transformations du SI dans des d\u00e9lais toujours plus courts. Un nouveau march\u00e9 peut \u00eatre gagn\u00e9, un nouveau besoin m\u00e9tier \u00e9merger sans que la DSI n\u2019ait beaucoup de temps pour \u00e9tudier les impacts sur le SI existant et mettre en \u0153uvre la solution ad\u00e9quate. Comment par exemple absorber en quelques mois une augmentation de 100% du volume de donn\u00e9es trait\u00e9es et faire face \u00e0 des probl\u00e9matiques de scalabilit\u00e9 horizontale et verticale ? En voici quelques cl\u00e9s.","robots":{"index":"index","follow":"follow","max-snippet":"max-snippet:-1","max-image-preview":"max-image-preview:large","max-video-preview":"max-video-preview:-1"},"canonical":"https:\/\/www.riskinsight-wavestone.com\/2013\/10\/doubler-les-capacites-du-si-en-6-mois-pret-a-relever-le-defi\/","og_locale":"en_US","og_type":"article","og_title":"Doubler les capacit\u00e9s du SI en 6 mois : pr\u00eat \u00e0 relever le d\u00e9fi ?","og_description":"L\u2019actualit\u00e9 \u00e9conomique instable de ces derni\u00e8res ann\u00e9es a pouss\u00e9 de nombreuses entreprises \u00e0 restreindre le budget des DSI et par cons\u00e9quent les investissements d\u00e9di\u00e9s \u00e0 moderniser leurs infrastructures vieillissantes. Le contexte ambiant laisse du reste peu de place \u00e0 l\u2019anticipation\u2026 Les DSI doivent assurer les transformations du SI dans des d\u00e9lais toujours plus courts. Un nouveau march\u00e9 peut \u00eatre gagn\u00e9, un nouveau besoin m\u00e9tier \u00e9merger sans que la DSI n\u2019ait beaucoup de temps pour \u00e9tudier les impacts sur le SI existant et mettre en \u0153uvre la solution ad\u00e9quate. Comment par exemple absorber en quelques mois une augmentation de 100% du volume de donn\u00e9es trait\u00e9es et faire face \u00e0 des probl\u00e9matiques de scalabilit\u00e9 horizontale et verticale ? En voici quelques cl\u00e9s.","og_url":"https:\/\/www.riskinsight-wavestone.com\/2013\/10\/doubler-les-capacites-du-si-en-6-mois-pret-a-relever-le-defi\/","og_site_name":"RiskInsight","article_published_time":"2013-10-21T15:27:39+00:00","article_modified_time":"2015-01-21T08:53:23+00:00","og_image":[{"width":766,"height":627,"url":"https:\/\/www.riskinsight-wavestone.com\/wp-content\/uploads\/2013\/10\/fotolia_36502875_S21.jpg","type":"image\/jpeg"}],"author":"Jonas Cadillon","twitter_misc":{"Written by":"Jonas Cadillon","Est. reading time":"4 minutes"},"schema":{"@context":"https:\/\/schema.org","@graph":[{"@type":"Article","@id":"https:\/\/www.riskinsight-wavestone.com\/2013\/10\/doubler-les-capacites-du-si-en-6-mois-pret-a-relever-le-defi\/#article","isPartOf":{"@id":"https:\/\/www.riskinsight-wavestone.com\/2013\/10\/doubler-les-capacites-du-si-en-6-mois-pret-a-relever-le-defi\/"},"author":{"name":"Jonas Cadillon","@id":"https:\/\/www.riskinsight-wavestone.com\/en\/#\/schema\/person\/23b3b4974a1756325c2e4ac852d8aa3a"},"headline":"Doubler les capacit\u00e9s du SI en 6 mois : pr\u00eats \u00e0 relever le d\u00e9fi ?","datePublished":"2013-10-21T15:27:39+00:00","dateModified":"2015-01-21T08:53:23+00:00","mainEntityOfPage":{"@id":"https:\/\/www.riskinsight-wavestone.com\/2013\/10\/doubler-les-capacites-du-si-en-6-mois-pret-a-relever-le-defi\/"},"wordCount":729,"publisher":{"@id":"https:\/\/www.riskinsight-wavestone.com\/en\/#organization"},"image":{"@id":"https:\/\/www.riskinsight-wavestone.com\/2013\/10\/doubler-les-capacites-du-si-en-6-mois-pret-a-relever-le-defi\/#primaryimage"},"thumbnailUrl":"https:\/\/www.riskinsight-wavestone.com\/wp-content\/uploads\/2013\/10\/fotolia_36502875_S21.jpg","keywords":["capacity management","capacity planning","Cloud","Cloud computing","Croissance","r\u00e9duction des co\u00fbts","scalabilit\u00e9","solution int\u00e9gr\u00e9e","virtualisation"],"articleSection":["M\u00e9tiers - Strat\u00e9gie &amp; projets IT"],"inLanguage":"en-US"},{"@type":"WebPage","@id":"https:\/\/www.riskinsight-wavestone.com\/2013\/10\/doubler-les-capacites-du-si-en-6-mois-pret-a-relever-le-defi\/","url":"https:\/\/www.riskinsight-wavestone.com\/2013\/10\/doubler-les-capacites-du-si-en-6-mois-pret-a-relever-le-defi\/","name":"Doubler les capacit\u00e9s du SI en 6 mois : pr\u00eat \u00e0 relever le d\u00e9fi ?","isPartOf":{"@id":"https:\/\/www.riskinsight-wavestone.com\/en\/#website"},"primaryImageOfPage":{"@id":"https:\/\/www.riskinsight-wavestone.com\/2013\/10\/doubler-les-capacites-du-si-en-6-mois-pret-a-relever-le-defi\/#primaryimage"},"image":{"@id":"https:\/\/www.riskinsight-wavestone.com\/2013\/10\/doubler-les-capacites-du-si-en-6-mois-pret-a-relever-le-defi\/#primaryimage"},"thumbnailUrl":"https:\/\/www.riskinsight-wavestone.com\/wp-content\/uploads\/2013\/10\/fotolia_36502875_S21.jpg","datePublished":"2013-10-21T15:27:39+00:00","dateModified":"2015-01-21T08:53:23+00:00","description":"L\u2019actualit\u00e9 \u00e9conomique instable de ces derni\u00e8res ann\u00e9es a pouss\u00e9 de nombreuses entreprises \u00e0 restreindre le budget des DSI et par cons\u00e9quent les investissements d\u00e9di\u00e9s \u00e0 moderniser leurs infrastructures vieillissantes. Le contexte ambiant laisse du reste peu de place \u00e0 l\u2019anticipation\u2026 Les DSI doivent assurer les transformations du SI dans des d\u00e9lais toujours plus courts. Un nouveau march\u00e9 peut \u00eatre gagn\u00e9, un nouveau besoin m\u00e9tier \u00e9merger sans que la DSI n\u2019ait beaucoup de temps pour \u00e9tudier les impacts sur le SI existant et mettre en \u0153uvre la solution ad\u00e9quate. Comment par exemple absorber en quelques mois une augmentation de 100% du volume de donn\u00e9es trait\u00e9es et faire face \u00e0 des probl\u00e9matiques de scalabilit\u00e9 horizontale et verticale ? En voici quelques cl\u00e9s.","breadcrumb":{"@id":"https:\/\/www.riskinsight-wavestone.com\/2013\/10\/doubler-les-capacites-du-si-en-6-mois-pret-a-relever-le-defi\/#breadcrumb"},"inLanguage":"en-US","potentialAction":[{"@type":"ReadAction","target":["https:\/\/www.riskinsight-wavestone.com\/2013\/10\/doubler-les-capacites-du-si-en-6-mois-pret-a-relever-le-defi\/"]}]},{"@type":"ImageObject","inLanguage":"en-US","@id":"https:\/\/www.riskinsight-wavestone.com\/2013\/10\/doubler-les-capacites-du-si-en-6-mois-pret-a-relever-le-defi\/#primaryimage","url":"https:\/\/www.riskinsight-wavestone.com\/wp-content\/uploads\/2013\/10\/fotolia_36502875_S21.jpg","contentUrl":"https:\/\/www.riskinsight-wavestone.com\/wp-content\/uploads\/2013\/10\/fotolia_36502875_S21.jpg","width":766,"height":627},{"@type":"BreadcrumbList","@id":"https:\/\/www.riskinsight-wavestone.com\/2013\/10\/doubler-les-capacites-du-si-en-6-mois-pret-a-relever-le-defi\/#breadcrumb","itemListElement":[{"@type":"ListItem","position":1,"name":"Accueil","item":"https:\/\/www.riskinsight-wavestone.com\/en\/"},{"@type":"ListItem","position":2,"name":"Doubler les capacit\u00e9s du SI en 6 mois : pr\u00eats \u00e0 relever le d\u00e9fi ?"}]},{"@type":"WebSite","@id":"https:\/\/www.riskinsight-wavestone.com\/en\/#website","url":"https:\/\/www.riskinsight-wavestone.com\/en\/","name":"RiskInsight","description":"The cybersecurity &amp; digital trust blog by Wavestone&#039;s consultants","publisher":{"@id":"https:\/\/www.riskinsight-wavestone.com\/en\/#organization"},"potentialAction":[{"@type":"SearchAction","target":{"@type":"EntryPoint","urlTemplate":"https:\/\/www.riskinsight-wavestone.com\/en\/?s={search_term_string}"},"query-input":{"@type":"PropertyValueSpecification","valueRequired":true,"valueName":"search_term_string"}}],"inLanguage":"en-US"},{"@type":"Organization","@id":"https:\/\/www.riskinsight-wavestone.com\/en\/#organization","name":"Wavestone","url":"https:\/\/www.riskinsight-wavestone.com\/en\/","logo":{"@type":"ImageObject","inLanguage":"en-US","@id":"https:\/\/www.riskinsight-wavestone.com\/en\/#\/schema\/logo\/image\/","url":"https:\/\/www.riskinsight-wavestone.com\/wp-content\/uploads\/2021\/08\/Monogramme\u2013W\u2013NEGA-RGB-50x50-1.png","contentUrl":"https:\/\/www.riskinsight-wavestone.com\/wp-content\/uploads\/2021\/08\/Monogramme\u2013W\u2013NEGA-RGB-50x50-1.png","width":50,"height":50,"caption":"Wavestone"},"image":{"@id":"https:\/\/www.riskinsight-wavestone.com\/en\/#\/schema\/logo\/image\/"}},{"@type":"Person","@id":"https:\/\/www.riskinsight-wavestone.com\/en\/#\/schema\/person\/23b3b4974a1756325c2e4ac852d8aa3a","name":"Jonas Cadillon","url":"https:\/\/www.riskinsight-wavestone.com\/en\/author\/jonas-cadillon\/"}]}},"_links":{"self":[{"href":"https:\/\/www.riskinsight-wavestone.com\/en\/wp-json\/wp\/v2\/posts\/4381","targetHints":{"allow":["GET"]}}],"collection":[{"href":"https:\/\/www.riskinsight-wavestone.com\/en\/wp-json\/wp\/v2\/posts"}],"about":[{"href":"https:\/\/www.riskinsight-wavestone.com\/en\/wp-json\/wp\/v2\/types\/post"}],"author":[{"embeddable":true,"href":"https:\/\/www.riskinsight-wavestone.com\/en\/wp-json\/wp\/v2\/users\/201"}],"replies":[{"embeddable":true,"href":"https:\/\/www.riskinsight-wavestone.com\/en\/wp-json\/wp\/v2\/comments?post=4381"}],"version-history":[{"count":6,"href":"https:\/\/www.riskinsight-wavestone.com\/en\/wp-json\/wp\/v2\/posts\/4381\/revisions"}],"predecessor-version":[{"id":6331,"href":"https:\/\/www.riskinsight-wavestone.com\/en\/wp-json\/wp\/v2\/posts\/4381\/revisions\/6331"}],"wp:featuredmedia":[{"embeddable":true,"href":"https:\/\/www.riskinsight-wavestone.com\/en\/wp-json\/wp\/v2\/media\/6329"}],"wp:attachment":[{"href":"https:\/\/www.riskinsight-wavestone.com\/en\/wp-json\/wp\/v2\/media?parent=4381"}],"wp:term":[{"taxonomy":"category","embeddable":true,"href":"https:\/\/www.riskinsight-wavestone.com\/en\/wp-json\/wp\/v2\/categories?post=4381"},{"taxonomy":"post_tag","embeddable":true,"href":"https:\/\/www.riskinsight-wavestone.com\/en\/wp-json\/wp\/v2\/tags?post=4381"},{"taxonomy":"author","embeddable":true,"href":"https:\/\/www.riskinsight-wavestone.com\/en\/wp-json\/wp\/v2\/coauthors?post=4381"}],"curies":[{"name":"wp","href":"https:\/\/api.w.org\/{rel}","templated":true}]}}