{"id":5238,"date":"2014-03-18T21:40:41","date_gmt":"2014-03-18T20:40:41","guid":{"rendered":"http:\/\/www.solucominsight.fr\/?p=5238"},"modified":"2019-12-31T11:17:07","modified_gmt":"2019-12-31T10:17:07","slug":"parlement-europeen-repond-frontalement-nsa","status":"publish","type":"post","link":"https:\/\/www.riskinsight-wavestone.com\/en\/2014\/03\/parlement-europeen-repond-frontalement-nsa\/","title":{"rendered":"Le parlement europ\u00e9en r\u00e9pond frontalement \u00e0 la NSA"},"content":{"rendered":"<p>Dans son communiqu\u00e9 de presse du 12 mars 2013, le parlement europ\u00e9en fait part de sa r\u00e9solution qui appelle \u00e0 suspendre certains accords de coop\u00e9ration avec les \u00c9tats-Unis. \u00c9mise le m\u00eame jour que le vote en premi\u00e8re lecture du r\u00e8glement europ\u00e9en sur la protection des donn\u00e9es \u00e0 caract\u00e8re personnel, cette d\u00e9cision fait suite \u00e0 six mois d\u2019enqu\u00eate d\u00e9clench\u00e9s par les r\u00e9v\u00e9lations d\u2019Edward Snowden, que le parlement conclut ici de mani\u00e8re frontale par\u00a0: \u00ab\u00a0<a href=\"http:\/\/www.europarl.europa.eu\/news\/fr\/news-room\/content\/20140307IPR38203\/html\/NSA-mettre-fin-%C3%A0-la-surveillance-massive-ou-faire-face-aux-cons%C3%A9quences\">mettre fin \u00e0 la surveillance massive ou faire face aux cons\u00e9quences\u00a0<\/a>\u00bb.<\/p>\n<h2>Les accords SWIFT et l\u2019accord commercial TTIP vis\u00e9s<\/h2>\n<p>Le parlement europ\u00e9en estime ainsi que \u00ab\u00a0la lutte contre le terrorisme ne peut justifier une surveillance de masse secr\u00e8te et ill\u00e9gale\u00a0\u00bb et menace, d\u2019une part, de ne pas donner son approbation \u00e0 l\u2019accord commercial TTIP UE-\u00c9tats-Unis qui pr\u00e9voit une zone de libre-\u00e9change transatlantique et d\u2019autre part de suspendre les accords SWIFT et les principes du Safe Harbor.<\/p>\n<p>Les accords SWIFT, qui permettent aux autorit\u00e9s am\u00e9ricaines d&#8217;acc\u00e9der aux donn\u00e9es bancaires europ\u00e9ennes stock\u00e9es sur le r\u00e9seau du m\u00eame nom afin de lutter contre le terrorisme sont remis en cause par le parlement car les am\u00e9ricains ont outrepass\u00e9 les conditions de protection de la vie priv\u00e9e des citoyens pr\u00e9vus dans ces accords. Quant au Safe Harbor, il postule\u00a0 que les\u00a0 soci\u00e9t\u00e9s am\u00e9ricaines y adh\u00e9rant garantissent un niveau de protection des donn\u00e9es \u00e9quivalent \u00e0 celui du droit europ\u00e9en. Cependant, il ne s\u2019agit que d\u2019un postulat th\u00e9orique\u2026<\/p>\n<h2>Safe Harbor, un accord obsol\u00e8te\u00a0?<\/h2>\n<p>En effet, les <a title=\"R\u00e9v\u00e9lations sur les capacit\u00e9s d\u2019\u00e9coute et d\u2019action de la NSA aux Etats-Unis (PRISM) : une chance pour le RSSI ?\" href=\"http:\/\/www.solucominsight.fr\/2013\/06\/revelations-sur-les-capacites-decoute-et-daction-de-la-nsa-aux-etats-unis-prism-une-chance-pour-le-rssi\/\" target=\"_blank\" rel=\"noopener noreferrer\">r\u00e9v\u00e9lations sur les capacit\u00e9s d\u2019\u00e9coute et d\u2019action de la NSA aux \u00c9tats-Unis<\/a> (PRISM) d\u00e9montrent, de fait, les limites de protection des donn\u00e9es \u00e0 caract\u00e8re personnel transf\u00e9r\u00e9es aux \u00c9tats-Unis. Par ailleurs, l\u2019accord Safe Harbor date des ann\u00e9es 2000, \u00e9poque \u00e0 laquelle il n\u2019avait pas \u00e9t\u00e9 envisag\u00e9 le quasi-monopole des acteurs am\u00e9ricains sur Internet et donc le transfert de donn\u00e9es massif inh\u00e9rent \u00e0 cette position dominante. Enfin, cet accord est souvent critiqu\u00e9 parce qu\u2019il repose trop sur le bon vouloir des entreprises et que les moyens de contr\u00f4le relatifs \u00e0 son application sont trop faibles.<\/p>\n<p>Ce n\u2019est pas le premier coup de semonce port\u00e9 par le parlement europ\u00e9en sur le sujet, qui r\u00e9affirme ici sa position\u00a0: la n\u00e9cessit\u00e9 d\u2019un nouveau Safe Harbor afin d\u2019en faire une r\u00e9glementation contraignante.<\/p>\n<h2>Un Safe Harbor 2.0 est-il possible\u00a0?<\/h2>\n<p>\u00c0 ce titre le parlement europ\u00e9en a formul\u00e9 <a href=\"http:\/\/ec.europa.eu\/justice\/data-protection\/files\/com_2013_847_en.pdf\" target=\"_blank\" rel=\"noopener noreferrer\">treize recommandations<\/a> \u00e0 destination des \u00c9tats Unis afin de faire \u00e9voluer le fonctionnement de cet accord. En synth\u00e8se, ces propositions appellent \u00e0 plus de transparence, de contr\u00f4le et de sanction et r\u00e9affirment les principes forts du r\u00e8glement europ\u00e9en (loyaut\u00e9, proportionnalit\u00e9, \u2026). Toutefois, si le besoin de renforcer la s\u00e9curit\u00e9 des donn\u00e9es \u00e0 caract\u00e8re personnel stock\u00e9es outre atlantique est incontestable, les \u00e9volutions \u00e0 venir doivent faire preuve de pragmatisme et concilier des approches parfois antagonistes entre les deux continents. Les am\u00e9ricains comprennent ainsi difficilement certaines notions comme le \u00ab droit \u00e0 l\u2019oubli \u00bb et centrent principalement la protection des donn\u00e9es via la protection du consommateur. L\u2019approche am\u00e9ricaine est ainsi avant tout \u00e9conomique quand celle des europ\u00e9ens est avant tout protectrice.<\/p>\n<p>Une modification du Safe Harbor ne peut donc se faire sans une \u00e9troite coop\u00e9ration transatlantique sous peine de blocage \u00e9conomique important&#8230; affaire \u00e0 suivre.<\/p>\n","protected":false},"excerpt":{"rendered":"<p>Dans son communiqu\u00e9 de presse du 12 mars 2013, le parlement europ\u00e9en fait part de sa r\u00e9solution qui appelle \u00e0 suspendre certains accords de coop\u00e9ration avec les \u00c9tats-Unis. \u00c9mise le m\u00eame jour que le vote en premi\u00e8re lecture du r\u00e8glement&#8230;<\/p>\n","protected":false},"author":21,"featured_media":5026,"comment_status":"closed","ping_status":"closed","sticky":false,"template":"page-templates\/tmpl-one.php","format":"standard","meta":{"_acf_changed":false,"footnotes":""},"categories":[36,3226],"tags":[3299],"coauthors":[807],"class_list":["post-5238","post","type-post","status-publish","format-standard","has-post-thumbnail","hentry","category-cybersecurity-digital-trust","category-digital-compliance","tag-digital-privacy"],"acf":[],"yoast_head":"<!-- This site is optimized with the Yoast SEO plugin v27.0 - https:\/\/yoast.com\/product\/yoast-seo-wordpress\/ -->\n<title>Le parlement europ\u00e9en r\u00e9pond frontalement \u00e0 la NSA - RiskInsight<\/title>\n<meta name=\"description\" content=\"Dans son communiqu\u00e9 de presse du 12 mars 2013, le parlement europ\u00e9en fait part de sa r\u00e9solution qui appelle \u00e0 suspendre certains accords de coop\u00e9ration avec les \u00c9tats-Unis. \u00c9mise le m\u00eame jour que le vote en premi\u00e8re lecture du r\u00e8glement europ\u00e9en sur la protection des donn\u00e9es \u00e0 caract\u00e8re personnel, cette d\u00e9cision fait suite \u00e0 six mois d\u2019enqu\u00eate, d\u00e9clench\u00e9e suite aux r\u00e9v\u00e9lations d\u2019Edward Snowden?\" \/>\n<meta name=\"robots\" content=\"index, follow, max-snippet:-1, max-image-preview:large, max-video-preview:-1\" \/>\n<link rel=\"canonical\" href=\"https:\/\/www.riskinsight-wavestone.com\/2014\/03\/parlement-europeen-repond-frontalement-nsa\/\" \/>\n<meta property=\"og:locale\" content=\"en_US\" \/>\n<meta property=\"og:type\" content=\"article\" \/>\n<meta property=\"og:title\" content=\"Le parlement europ\u00e9en r\u00e9pond frontalement \u00e0 la NSA - RiskInsight\" \/>\n<meta property=\"og:description\" content=\"Dans son communiqu\u00e9 de presse du 12 mars 2013, le parlement europ\u00e9en fait part de sa r\u00e9solution qui appelle \u00e0 suspendre certains accords de coop\u00e9ration avec les \u00c9tats-Unis. \u00c9mise le m\u00eame jour que le vote en premi\u00e8re lecture du r\u00e8glement europ\u00e9en sur la protection des donn\u00e9es \u00e0 caract\u00e8re personnel, cette d\u00e9cision fait suite \u00e0 six mois d\u2019enqu\u00eate, d\u00e9clench\u00e9e suite aux r\u00e9v\u00e9lations d\u2019Edward Snowden?\" \/>\n<meta property=\"og:url\" content=\"https:\/\/www.riskinsight-wavestone.com\/2014\/03\/parlement-europeen-repond-frontalement-nsa\/\" \/>\n<meta property=\"og:site_name\" content=\"RiskInsight\" \/>\n<meta property=\"article:published_time\" content=\"2014-03-18T20:40:41+00:00\" \/>\n<meta property=\"article:modified_time\" content=\"2019-12-31T10:17:07+00:00\" \/>\n<meta property=\"og:image\" content=\"https:\/\/www.riskinsight-wavestone.com\/wp-content\/uploads\/2014\/02\/Fotolia_61093468_Subscription_Monthly_XL-e1417689554197.jpg\" \/>\n\t<meta property=\"og:image:width\" content=\"1800\" \/>\n\t<meta property=\"og:image:height\" content=\"1350\" \/>\n\t<meta property=\"og:image:type\" content=\"image\/jpeg\" \/>\n<meta name=\"author\" content=\"Gabriel Amirault\" \/>\n<meta name=\"twitter:label1\" content=\"Written by\" \/>\n\t<meta name=\"twitter:data1\" content=\"Gabriel Amirault\" \/>\n\t<meta name=\"twitter:label2\" content=\"Est. reading time\" \/>\n\t<meta name=\"twitter:data2\" content=\"3 minutes\" \/>\n<script type=\"application\/ld+json\" class=\"yoast-schema-graph\">{\"@context\":\"https:\/\/schema.org\",\"@graph\":[{\"@type\":\"Article\",\"@id\":\"https:\/\/www.riskinsight-wavestone.com\/2014\/03\/parlement-europeen-repond-frontalement-nsa\/#article\",\"isPartOf\":{\"@id\":\"https:\/\/www.riskinsight-wavestone.com\/2014\/03\/parlement-europeen-repond-frontalement-nsa\/\"},\"author\":{\"name\":\"Gabriel Amirault\",\"@id\":\"https:\/\/www.riskinsight-wavestone.com\/en\/#\/schema\/person\/6e59709056fa2859e362ae119d5370ca\"},\"headline\":\"Le parlement europ\u00e9en r\u00e9pond frontalement \u00e0 la NSA\",\"datePublished\":\"2014-03-18T20:40:41+00:00\",\"dateModified\":\"2019-12-31T10:17:07+00:00\",\"mainEntityOfPage\":{\"@id\":\"https:\/\/www.riskinsight-wavestone.com\/2014\/03\/parlement-europeen-repond-frontalement-nsa\/\"},\"wordCount\":603,\"publisher\":{\"@id\":\"https:\/\/www.riskinsight-wavestone.com\/en\/#organization\"},\"image\":{\"@id\":\"https:\/\/www.riskinsight-wavestone.com\/2014\/03\/parlement-europeen-repond-frontalement-nsa\/#primaryimage\"},\"thumbnailUrl\":\"https:\/\/www.riskinsight-wavestone.com\/wp-content\/uploads\/2014\/02\/Fotolia_61093468_Subscription_Monthly_XL-e1417689554197.jpg\",\"keywords\":[\"Digital privacy\"],\"articleSection\":[\"Cybersecurity &amp; Digital Trust\",\"Digital Compliance\"],\"inLanguage\":\"en-US\"},{\"@type\":\"WebPage\",\"@id\":\"https:\/\/www.riskinsight-wavestone.com\/2014\/03\/parlement-europeen-repond-frontalement-nsa\/\",\"url\":\"https:\/\/www.riskinsight-wavestone.com\/2014\/03\/parlement-europeen-repond-frontalement-nsa\/\",\"name\":\"Le parlement europ\u00e9en r\u00e9pond frontalement \u00e0 la NSA - RiskInsight\",\"isPartOf\":{\"@id\":\"https:\/\/www.riskinsight-wavestone.com\/en\/#website\"},\"primaryImageOfPage\":{\"@id\":\"https:\/\/www.riskinsight-wavestone.com\/2014\/03\/parlement-europeen-repond-frontalement-nsa\/#primaryimage\"},\"image\":{\"@id\":\"https:\/\/www.riskinsight-wavestone.com\/2014\/03\/parlement-europeen-repond-frontalement-nsa\/#primaryimage\"},\"thumbnailUrl\":\"https:\/\/www.riskinsight-wavestone.com\/wp-content\/uploads\/2014\/02\/Fotolia_61093468_Subscription_Monthly_XL-e1417689554197.jpg\",\"datePublished\":\"2014-03-18T20:40:41+00:00\",\"dateModified\":\"2019-12-31T10:17:07+00:00\",\"description\":\"Dans son communiqu\u00e9 de presse du 12 mars 2013, le parlement europ\u00e9en fait part de sa r\u00e9solution qui appelle \u00e0 suspendre certains accords de coop\u00e9ration avec les \u00c9tats-Unis. \u00c9mise le m\u00eame jour que le vote en premi\u00e8re lecture du r\u00e8glement europ\u00e9en sur la protection des donn\u00e9es \u00e0 caract\u00e8re personnel, cette d\u00e9cision fait suite \u00e0 six mois d\u2019enqu\u00eate, d\u00e9clench\u00e9e suite aux r\u00e9v\u00e9lations d\u2019Edward Snowden?\",\"breadcrumb\":{\"@id\":\"https:\/\/www.riskinsight-wavestone.com\/2014\/03\/parlement-europeen-repond-frontalement-nsa\/#breadcrumb\"},\"inLanguage\":\"en-US\",\"potentialAction\":[{\"@type\":\"ReadAction\",\"target\":[\"https:\/\/www.riskinsight-wavestone.com\/2014\/03\/parlement-europeen-repond-frontalement-nsa\/\"]}]},{\"@type\":\"ImageObject\",\"inLanguage\":\"en-US\",\"@id\":\"https:\/\/www.riskinsight-wavestone.com\/2014\/03\/parlement-europeen-repond-frontalement-nsa\/#primaryimage\",\"url\":\"https:\/\/www.riskinsight-wavestone.com\/wp-content\/uploads\/2014\/02\/Fotolia_61093468_Subscription_Monthly_XL-e1417689554197.jpg\",\"contentUrl\":\"https:\/\/www.riskinsight-wavestone.com\/wp-content\/uploads\/2014\/02\/Fotolia_61093468_Subscription_Monthly_XL-e1417689554197.jpg\",\"width\":1800,\"height\":1350},{\"@type\":\"BreadcrumbList\",\"@id\":\"https:\/\/www.riskinsight-wavestone.com\/2014\/03\/parlement-europeen-repond-frontalement-nsa\/#breadcrumb\",\"itemListElement\":[{\"@type\":\"ListItem\",\"position\":1,\"name\":\"Accueil\",\"item\":\"https:\/\/www.riskinsight-wavestone.com\/en\/\"},{\"@type\":\"ListItem\",\"position\":2,\"name\":\"Le parlement europ\u00e9en r\u00e9pond frontalement \u00e0 la NSA\"}]},{\"@type\":\"WebSite\",\"@id\":\"https:\/\/www.riskinsight-wavestone.com\/en\/#website\",\"url\":\"https:\/\/www.riskinsight-wavestone.com\/en\/\",\"name\":\"RiskInsight\",\"description\":\"The cybersecurity &amp; digital trust blog by Wavestone&#039;s consultants\",\"publisher\":{\"@id\":\"https:\/\/www.riskinsight-wavestone.com\/en\/#organization\"},\"potentialAction\":[{\"@type\":\"SearchAction\",\"target\":{\"@type\":\"EntryPoint\",\"urlTemplate\":\"https:\/\/www.riskinsight-wavestone.com\/en\/?s={search_term_string}\"},\"query-input\":{\"@type\":\"PropertyValueSpecification\",\"valueRequired\":true,\"valueName\":\"search_term_string\"}}],\"inLanguage\":\"en-US\"},{\"@type\":\"Organization\",\"@id\":\"https:\/\/www.riskinsight-wavestone.com\/en\/#organization\",\"name\":\"Wavestone\",\"url\":\"https:\/\/www.riskinsight-wavestone.com\/en\/\",\"logo\":{\"@type\":\"ImageObject\",\"inLanguage\":\"en-US\",\"@id\":\"https:\/\/www.riskinsight-wavestone.com\/en\/#\/schema\/logo\/image\/\",\"url\":\"https:\/\/www.riskinsight-wavestone.com\/wp-content\/uploads\/2021\/08\/Monogramme\u2013W\u2013NEGA-RGB-50x50-1.png\",\"contentUrl\":\"https:\/\/www.riskinsight-wavestone.com\/wp-content\/uploads\/2021\/08\/Monogramme\u2013W\u2013NEGA-RGB-50x50-1.png\",\"width\":50,\"height\":50,\"caption\":\"Wavestone\"},\"image\":{\"@id\":\"https:\/\/www.riskinsight-wavestone.com\/en\/#\/schema\/logo\/image\/\"}},{\"@type\":\"Person\",\"@id\":\"https:\/\/www.riskinsight-wavestone.com\/en\/#\/schema\/person\/6e59709056fa2859e362ae119d5370ca\",\"name\":\"Gabriel Amirault\",\"url\":\"https:\/\/www.riskinsight-wavestone.com\/en\/author\/gabriel-amirault\/\"}]}<\/script>\n<!-- \/ Yoast SEO plugin. -->","yoast_head_json":{"title":"Le parlement europ\u00e9en r\u00e9pond frontalement \u00e0 la NSA - RiskInsight","description":"Dans son communiqu\u00e9 de presse du 12 mars 2013, le parlement europ\u00e9en fait part de sa r\u00e9solution qui appelle \u00e0 suspendre certains accords de coop\u00e9ration avec les \u00c9tats-Unis. \u00c9mise le m\u00eame jour que le vote en premi\u00e8re lecture du r\u00e8glement europ\u00e9en sur la protection des donn\u00e9es \u00e0 caract\u00e8re personnel, cette d\u00e9cision fait suite \u00e0 six mois d\u2019enqu\u00eate, d\u00e9clench\u00e9e suite aux r\u00e9v\u00e9lations d\u2019Edward Snowden?","robots":{"index":"index","follow":"follow","max-snippet":"max-snippet:-1","max-image-preview":"max-image-preview:large","max-video-preview":"max-video-preview:-1"},"canonical":"https:\/\/www.riskinsight-wavestone.com\/2014\/03\/parlement-europeen-repond-frontalement-nsa\/","og_locale":"en_US","og_type":"article","og_title":"Le parlement europ\u00e9en r\u00e9pond frontalement \u00e0 la NSA - RiskInsight","og_description":"Dans son communiqu\u00e9 de presse du 12 mars 2013, le parlement europ\u00e9en fait part de sa r\u00e9solution qui appelle \u00e0 suspendre certains accords de coop\u00e9ration avec les \u00c9tats-Unis. \u00c9mise le m\u00eame jour que le vote en premi\u00e8re lecture du r\u00e8glement europ\u00e9en sur la protection des donn\u00e9es \u00e0 caract\u00e8re personnel, cette d\u00e9cision fait suite \u00e0 six mois d\u2019enqu\u00eate, d\u00e9clench\u00e9e suite aux r\u00e9v\u00e9lations d\u2019Edward Snowden?","og_url":"https:\/\/www.riskinsight-wavestone.com\/2014\/03\/parlement-europeen-repond-frontalement-nsa\/","og_site_name":"RiskInsight","article_published_time":"2014-03-18T20:40:41+00:00","article_modified_time":"2019-12-31T10:17:07+00:00","og_image":[{"width":1800,"height":1350,"url":"https:\/\/www.riskinsight-wavestone.com\/wp-content\/uploads\/2014\/02\/Fotolia_61093468_Subscription_Monthly_XL-e1417689554197.jpg","type":"image\/jpeg"}],"author":"Gabriel Amirault","twitter_misc":{"Written by":"Gabriel Amirault","Est. reading time":"3 minutes"},"schema":{"@context":"https:\/\/schema.org","@graph":[{"@type":"Article","@id":"https:\/\/www.riskinsight-wavestone.com\/2014\/03\/parlement-europeen-repond-frontalement-nsa\/#article","isPartOf":{"@id":"https:\/\/www.riskinsight-wavestone.com\/2014\/03\/parlement-europeen-repond-frontalement-nsa\/"},"author":{"name":"Gabriel Amirault","@id":"https:\/\/www.riskinsight-wavestone.com\/en\/#\/schema\/person\/6e59709056fa2859e362ae119d5370ca"},"headline":"Le parlement europ\u00e9en r\u00e9pond frontalement \u00e0 la NSA","datePublished":"2014-03-18T20:40:41+00:00","dateModified":"2019-12-31T10:17:07+00:00","mainEntityOfPage":{"@id":"https:\/\/www.riskinsight-wavestone.com\/2014\/03\/parlement-europeen-repond-frontalement-nsa\/"},"wordCount":603,"publisher":{"@id":"https:\/\/www.riskinsight-wavestone.com\/en\/#organization"},"image":{"@id":"https:\/\/www.riskinsight-wavestone.com\/2014\/03\/parlement-europeen-repond-frontalement-nsa\/#primaryimage"},"thumbnailUrl":"https:\/\/www.riskinsight-wavestone.com\/wp-content\/uploads\/2014\/02\/Fotolia_61093468_Subscription_Monthly_XL-e1417689554197.jpg","keywords":["Digital privacy"],"articleSection":["Cybersecurity &amp; Digital Trust","Digital Compliance"],"inLanguage":"en-US"},{"@type":"WebPage","@id":"https:\/\/www.riskinsight-wavestone.com\/2014\/03\/parlement-europeen-repond-frontalement-nsa\/","url":"https:\/\/www.riskinsight-wavestone.com\/2014\/03\/parlement-europeen-repond-frontalement-nsa\/","name":"Le parlement europ\u00e9en r\u00e9pond frontalement \u00e0 la NSA - RiskInsight","isPartOf":{"@id":"https:\/\/www.riskinsight-wavestone.com\/en\/#website"},"primaryImageOfPage":{"@id":"https:\/\/www.riskinsight-wavestone.com\/2014\/03\/parlement-europeen-repond-frontalement-nsa\/#primaryimage"},"image":{"@id":"https:\/\/www.riskinsight-wavestone.com\/2014\/03\/parlement-europeen-repond-frontalement-nsa\/#primaryimage"},"thumbnailUrl":"https:\/\/www.riskinsight-wavestone.com\/wp-content\/uploads\/2014\/02\/Fotolia_61093468_Subscription_Monthly_XL-e1417689554197.jpg","datePublished":"2014-03-18T20:40:41+00:00","dateModified":"2019-12-31T10:17:07+00:00","description":"Dans son communiqu\u00e9 de presse du 12 mars 2013, le parlement europ\u00e9en fait part de sa r\u00e9solution qui appelle \u00e0 suspendre certains accords de coop\u00e9ration avec les \u00c9tats-Unis. \u00c9mise le m\u00eame jour que le vote en premi\u00e8re lecture du r\u00e8glement europ\u00e9en sur la protection des donn\u00e9es \u00e0 caract\u00e8re personnel, cette d\u00e9cision fait suite \u00e0 six mois d\u2019enqu\u00eate, d\u00e9clench\u00e9e suite aux r\u00e9v\u00e9lations d\u2019Edward Snowden?","breadcrumb":{"@id":"https:\/\/www.riskinsight-wavestone.com\/2014\/03\/parlement-europeen-repond-frontalement-nsa\/#breadcrumb"},"inLanguage":"en-US","potentialAction":[{"@type":"ReadAction","target":["https:\/\/www.riskinsight-wavestone.com\/2014\/03\/parlement-europeen-repond-frontalement-nsa\/"]}]},{"@type":"ImageObject","inLanguage":"en-US","@id":"https:\/\/www.riskinsight-wavestone.com\/2014\/03\/parlement-europeen-repond-frontalement-nsa\/#primaryimage","url":"https:\/\/www.riskinsight-wavestone.com\/wp-content\/uploads\/2014\/02\/Fotolia_61093468_Subscription_Monthly_XL-e1417689554197.jpg","contentUrl":"https:\/\/www.riskinsight-wavestone.com\/wp-content\/uploads\/2014\/02\/Fotolia_61093468_Subscription_Monthly_XL-e1417689554197.jpg","width":1800,"height":1350},{"@type":"BreadcrumbList","@id":"https:\/\/www.riskinsight-wavestone.com\/2014\/03\/parlement-europeen-repond-frontalement-nsa\/#breadcrumb","itemListElement":[{"@type":"ListItem","position":1,"name":"Accueil","item":"https:\/\/www.riskinsight-wavestone.com\/en\/"},{"@type":"ListItem","position":2,"name":"Le parlement europ\u00e9en r\u00e9pond frontalement \u00e0 la NSA"}]},{"@type":"WebSite","@id":"https:\/\/www.riskinsight-wavestone.com\/en\/#website","url":"https:\/\/www.riskinsight-wavestone.com\/en\/","name":"RiskInsight","description":"The cybersecurity &amp; digital trust blog by Wavestone&#039;s consultants","publisher":{"@id":"https:\/\/www.riskinsight-wavestone.com\/en\/#organization"},"potentialAction":[{"@type":"SearchAction","target":{"@type":"EntryPoint","urlTemplate":"https:\/\/www.riskinsight-wavestone.com\/en\/?s={search_term_string}"},"query-input":{"@type":"PropertyValueSpecification","valueRequired":true,"valueName":"search_term_string"}}],"inLanguage":"en-US"},{"@type":"Organization","@id":"https:\/\/www.riskinsight-wavestone.com\/en\/#organization","name":"Wavestone","url":"https:\/\/www.riskinsight-wavestone.com\/en\/","logo":{"@type":"ImageObject","inLanguage":"en-US","@id":"https:\/\/www.riskinsight-wavestone.com\/en\/#\/schema\/logo\/image\/","url":"https:\/\/www.riskinsight-wavestone.com\/wp-content\/uploads\/2021\/08\/Monogramme\u2013W\u2013NEGA-RGB-50x50-1.png","contentUrl":"https:\/\/www.riskinsight-wavestone.com\/wp-content\/uploads\/2021\/08\/Monogramme\u2013W\u2013NEGA-RGB-50x50-1.png","width":50,"height":50,"caption":"Wavestone"},"image":{"@id":"https:\/\/www.riskinsight-wavestone.com\/en\/#\/schema\/logo\/image\/"}},{"@type":"Person","@id":"https:\/\/www.riskinsight-wavestone.com\/en\/#\/schema\/person\/6e59709056fa2859e362ae119d5370ca","name":"Gabriel Amirault","url":"https:\/\/www.riskinsight-wavestone.com\/en\/author\/gabriel-amirault\/"}]}},"_links":{"self":[{"href":"https:\/\/www.riskinsight-wavestone.com\/en\/wp-json\/wp\/v2\/posts\/5238","targetHints":{"allow":["GET"]}}],"collection":[{"href":"https:\/\/www.riskinsight-wavestone.com\/en\/wp-json\/wp\/v2\/posts"}],"about":[{"href":"https:\/\/www.riskinsight-wavestone.com\/en\/wp-json\/wp\/v2\/types\/post"}],"author":[{"embeddable":true,"href":"https:\/\/www.riskinsight-wavestone.com\/en\/wp-json\/wp\/v2\/users\/21"}],"replies":[{"embeddable":true,"href":"https:\/\/www.riskinsight-wavestone.com\/en\/wp-json\/wp\/v2\/comments?post=5238"}],"version-history":[{"count":4,"href":"https:\/\/www.riskinsight-wavestone.com\/en\/wp-json\/wp\/v2\/posts\/5238\/revisions"}],"predecessor-version":[{"id":12435,"href":"https:\/\/www.riskinsight-wavestone.com\/en\/wp-json\/wp\/v2\/posts\/5238\/revisions\/12435"}],"wp:featuredmedia":[{"embeddable":true,"href":"https:\/\/www.riskinsight-wavestone.com\/en\/wp-json\/wp\/v2\/media\/5026"}],"wp:attachment":[{"href":"https:\/\/www.riskinsight-wavestone.com\/en\/wp-json\/wp\/v2\/media?parent=5238"}],"wp:term":[{"taxonomy":"category","embeddable":true,"href":"https:\/\/www.riskinsight-wavestone.com\/en\/wp-json\/wp\/v2\/categories?post=5238"},{"taxonomy":"post_tag","embeddable":true,"href":"https:\/\/www.riskinsight-wavestone.com\/en\/wp-json\/wp\/v2\/tags?post=5238"},{"taxonomy":"author","embeddable":true,"href":"https:\/\/www.riskinsight-wavestone.com\/en\/wp-json\/wp\/v2\/coauthors?post=5238"}],"curies":[{"name":"wp","href":"https:\/\/api.w.org\/{rel}","templated":true}]}}