{"id":9092,"date":"2016-06-17T12:00:52","date_gmt":"2016-06-17T11:00:52","guid":{"rendered":"https:\/\/www.solucominsight.fr\/2016\/06\/a-quand-le-deploiement-du-mobilier-urbain-communicant-dans-nos-villes-2\/"},"modified":"2016-06-17T12:00:52","modified_gmt":"2016-06-17T11:00:52","slug":"a-quand-le-deploiement-du-mobilier-urbain-communicant-dans-nos-villes-2","status":"publish","type":"post","link":"https:\/\/www.riskinsight-wavestone.com\/en\/2016\/06\/a-quand-le-deploiement-du-mobilier-urbain-communicant-dans-nos-villes-2\/","title":{"rendered":"\u00c0 quand le d\u00e9ploiement du Mobilier Urbain Communicant dans nos villes ?"},"content":{"rendered":"<p>Les objets connect\u00e9s connaissent aujourd\u2019hui un engouement sans limites et les investissements croissants dans de nombreux secteurs (Retail, Energie, Construction\u2026) en sont la preuve. Alors que les estimations basses annoncent d\u00e9j\u00e0 26 milliards d\u2019objets connect\u00e9s en 2020\u00a0(Gartner), les plus optimistes &#8230;<\/p>\n<p>Cet article <a rel=\"nofollow\" href=\"http:\/\/www.digitalcorner-wavestone.com\/2016\/06\/a-deploiement-mobilier-urbain-communicant-nos-villes\/\">\u00c0 quand le d\u00e9ploiement du Mobilier Urbain Communicant dans nos villes ?<\/a> est apparu en premier sur <a rel=\"nofollow\" href=\"http:\/\/www.digitalcorner-wavestone.com\">Digital Corner<\/a>.<\/p>\n","protected":false},"excerpt":{"rendered":"<p>Les objets connect\u00e9s connaissent aujourd\u2019hui un engouement sans limites et les investissements croissants dans de nombreux secteurs (Retail, Energie, Construction\u2026) en sont la preuve. Alors que les estimations basses annoncent d\u00e9j\u00e0 26 milliards d\u2019objets connect\u00e9s en 2020\u00a0(Gartner), les plus optimistes&#8230;<\/p>\n","protected":false},"author":1269,"featured_media":0,"comment_status":"closed","ping_status":"closed","sticky":false,"template":"page-templates\/tmpl-one.php","format":"standard","meta":{"_acf_changed":false,"footnotes":""},"categories":[1733],"tags":[],"coauthors":[],"class_list":["post-9092","post","type-post","status-publish","format-standard","hentry","category-digitalcorner"],"acf":[],"yoast_head":"<!-- This site is optimized with the Yoast SEO plugin v27.0 - https:\/\/yoast.com\/product\/yoast-seo-wordpress\/ -->\n<title>\u00c0 quand le d\u00e9ploiement du Mobilier Urbain Communicant dans nos villes ? - RiskInsight<\/title>\n<meta name=\"robots\" content=\"index, follow, max-snippet:-1, max-image-preview:large, max-video-preview:-1\" \/>\n<link rel=\"canonical\" href=\"https:\/\/www.riskinsight-wavestone.com\/en\/2016\/06\/a-quand-le-deploiement-du-mobilier-urbain-communicant-dans-nos-villes-2\/\" \/>\n<meta property=\"og:locale\" content=\"en_US\" \/>\n<meta property=\"og:type\" content=\"article\" \/>\n<meta property=\"og:title\" content=\"\u00c0 quand le d\u00e9ploiement du Mobilier Urbain Communicant dans nos villes ? - RiskInsight\" \/>\n<meta property=\"og:description\" content=\"Les objets connect\u00e9s connaissent aujourd\u2019hui un engouement sans limites et les investissements croissants dans de nombreux secteurs (Retail, Energie, Construction\u2026) en sont la preuve. Alors que les estimations basses annoncent d\u00e9j\u00e0 26 milliards d\u2019objets connect\u00e9s en 2020\u00a0(Gartner), les plus optimistes...\" \/>\n<meta property=\"og:url\" content=\"https:\/\/www.riskinsight-wavestone.com\/en\/2016\/06\/a-quand-le-deploiement-du-mobilier-urbain-communicant-dans-nos-villes-2\/\" \/>\n<meta property=\"og:site_name\" content=\"RiskInsight\" \/>\n<meta property=\"article:published_time\" content=\"2016-06-17T11:00:52+00:00\" \/>\n<meta name=\"author\" content=\"zephSolucomBO\" \/>\n<meta name=\"twitter:label1\" content=\"Written by\" \/>\n\t<meta name=\"twitter:data1\" content=\"zephSolucomBO\" \/>\n<script type=\"application\/ld+json\" class=\"yoast-schema-graph\">{\"@context\":\"https:\/\/schema.org\",\"@graph\":[{\"@type\":\"Article\",\"@id\":\"https:\/\/www.riskinsight-wavestone.com\/en\/2016\/06\/a-quand-le-deploiement-du-mobilier-urbain-communicant-dans-nos-villes-2\/#article\",\"isPartOf\":{\"@id\":\"https:\/\/www.riskinsight-wavestone.com\/en\/2016\/06\/a-quand-le-deploiement-du-mobilier-urbain-communicant-dans-nos-villes-2\/\"},\"author\":{\"name\":\"zephSolucomBO\",\"@id\":\"https:\/\/www.riskinsight-wavestone.com\/en\/#\/schema\/person\/61c2fe74fad6b31442e1706ccacf3421\"},\"headline\":\"\u00c0 quand le d\u00e9ploiement du Mobilier Urbain Communicant dans nos villes ?\",\"datePublished\":\"2016-06-17T11:00:52+00:00\",\"mainEntityOfPage\":{\"@id\":\"https:\/\/www.riskinsight-wavestone.com\/en\/2016\/06\/a-quand-le-deploiement-du-mobilier-urbain-communicant-dans-nos-villes-2\/\"},\"wordCount\":75,\"publisher\":{\"@id\":\"https:\/\/www.riskinsight-wavestone.com\/en\/#organization\"},\"articleSection\":[\"digitalcorner\"],\"inLanguage\":\"en-US\"},{\"@type\":\"WebPage\",\"@id\":\"https:\/\/www.riskinsight-wavestone.com\/en\/2016\/06\/a-quand-le-deploiement-du-mobilier-urbain-communicant-dans-nos-villes-2\/\",\"url\":\"https:\/\/www.riskinsight-wavestone.com\/en\/2016\/06\/a-quand-le-deploiement-du-mobilier-urbain-communicant-dans-nos-villes-2\/\",\"name\":\"\u00c0 quand le d\u00e9ploiement du Mobilier Urbain Communicant dans nos villes ? - RiskInsight\",\"isPartOf\":{\"@id\":\"https:\/\/www.riskinsight-wavestone.com\/en\/#website\"},\"datePublished\":\"2016-06-17T11:00:52+00:00\",\"breadcrumb\":{\"@id\":\"https:\/\/www.riskinsight-wavestone.com\/en\/2016\/06\/a-quand-le-deploiement-du-mobilier-urbain-communicant-dans-nos-villes-2\/#breadcrumb\"},\"inLanguage\":\"en-US\",\"potentialAction\":[{\"@type\":\"ReadAction\",\"target\":[\"https:\/\/www.riskinsight-wavestone.com\/en\/2016\/06\/a-quand-le-deploiement-du-mobilier-urbain-communicant-dans-nos-villes-2\/\"]}]},{\"@type\":\"BreadcrumbList\",\"@id\":\"https:\/\/www.riskinsight-wavestone.com\/en\/2016\/06\/a-quand-le-deploiement-du-mobilier-urbain-communicant-dans-nos-villes-2\/#breadcrumb\",\"itemListElement\":[{\"@type\":\"ListItem\",\"position\":1,\"name\":\"Accueil\",\"item\":\"https:\/\/www.riskinsight-wavestone.com\/en\/\"},{\"@type\":\"ListItem\",\"position\":2,\"name\":\"\u00c0 quand le d\u00e9ploiement du Mobilier Urbain Communicant dans nos villes ?\"}]},{\"@type\":\"WebSite\",\"@id\":\"https:\/\/www.riskinsight-wavestone.com\/en\/#website\",\"url\":\"https:\/\/www.riskinsight-wavestone.com\/en\/\",\"name\":\"RiskInsight\",\"description\":\"The cybersecurity &amp; digital trust blog by Wavestone&#039;s consultants\",\"publisher\":{\"@id\":\"https:\/\/www.riskinsight-wavestone.com\/en\/#organization\"},\"potentialAction\":[{\"@type\":\"SearchAction\",\"target\":{\"@type\":\"EntryPoint\",\"urlTemplate\":\"https:\/\/www.riskinsight-wavestone.com\/en\/?s={search_term_string}\"},\"query-input\":{\"@type\":\"PropertyValueSpecification\",\"valueRequired\":true,\"valueName\":\"search_term_string\"}}],\"inLanguage\":\"en-US\"},{\"@type\":\"Organization\",\"@id\":\"https:\/\/www.riskinsight-wavestone.com\/en\/#organization\",\"name\":\"Wavestone\",\"url\":\"https:\/\/www.riskinsight-wavestone.com\/en\/\",\"logo\":{\"@type\":\"ImageObject\",\"inLanguage\":\"en-US\",\"@id\":\"https:\/\/www.riskinsight-wavestone.com\/en\/#\/schema\/logo\/image\/\",\"url\":\"https:\/\/www.riskinsight-wavestone.com\/wp-content\/uploads\/2021\/08\/Monogramme\u2013W\u2013NEGA-RGB-50x50-1.png\",\"contentUrl\":\"https:\/\/www.riskinsight-wavestone.com\/wp-content\/uploads\/2021\/08\/Monogramme\u2013W\u2013NEGA-RGB-50x50-1.png\",\"width\":50,\"height\":50,\"caption\":\"Wavestone\"},\"image\":{\"@id\":\"https:\/\/www.riskinsight-wavestone.com\/en\/#\/schema\/logo\/image\/\"}},{\"@type\":\"Person\",\"@id\":\"https:\/\/www.riskinsight-wavestone.com\/en\/#\/schema\/person\/61c2fe74fad6b31442e1706ccacf3421\",\"name\":\"zephSolucomBO\",\"url\":\"https:\/\/www.riskinsight-wavestone.com\/en\/author\/zephsolucombo\/\"}]}<\/script>\n<!-- \/ Yoast SEO plugin. -->","yoast_head_json":{"title":"\u00c0 quand le d\u00e9ploiement du Mobilier Urbain Communicant dans nos villes ? - RiskInsight","robots":{"index":"index","follow":"follow","max-snippet":"max-snippet:-1","max-image-preview":"max-image-preview:large","max-video-preview":"max-video-preview:-1"},"canonical":"https:\/\/www.riskinsight-wavestone.com\/en\/2016\/06\/a-quand-le-deploiement-du-mobilier-urbain-communicant-dans-nos-villes-2\/","og_locale":"en_US","og_type":"article","og_title":"\u00c0 quand le d\u00e9ploiement du Mobilier Urbain Communicant dans nos villes ? - RiskInsight","og_description":"Les objets connect\u00e9s connaissent aujourd\u2019hui un engouement sans limites et les investissements croissants dans de nombreux secteurs (Retail, Energie, Construction\u2026) en sont la preuve. Alors que les estimations basses annoncent d\u00e9j\u00e0 26 milliards d\u2019objets connect\u00e9s en 2020\u00a0(Gartner), les plus optimistes...","og_url":"https:\/\/www.riskinsight-wavestone.com\/en\/2016\/06\/a-quand-le-deploiement-du-mobilier-urbain-communicant-dans-nos-villes-2\/","og_site_name":"RiskInsight","article_published_time":"2016-06-17T11:00:52+00:00","author":"zephSolucomBO","twitter_misc":{"Written by":"zephSolucomBO"},"schema":{"@context":"https:\/\/schema.org","@graph":[{"@type":"Article","@id":"https:\/\/www.riskinsight-wavestone.com\/en\/2016\/06\/a-quand-le-deploiement-du-mobilier-urbain-communicant-dans-nos-villes-2\/#article","isPartOf":{"@id":"https:\/\/www.riskinsight-wavestone.com\/en\/2016\/06\/a-quand-le-deploiement-du-mobilier-urbain-communicant-dans-nos-villes-2\/"},"author":{"name":"zephSolucomBO","@id":"https:\/\/www.riskinsight-wavestone.com\/en\/#\/schema\/person\/61c2fe74fad6b31442e1706ccacf3421"},"headline":"\u00c0 quand le d\u00e9ploiement du Mobilier Urbain Communicant dans nos villes ?","datePublished":"2016-06-17T11:00:52+00:00","mainEntityOfPage":{"@id":"https:\/\/www.riskinsight-wavestone.com\/en\/2016\/06\/a-quand-le-deploiement-du-mobilier-urbain-communicant-dans-nos-villes-2\/"},"wordCount":75,"publisher":{"@id":"https:\/\/www.riskinsight-wavestone.com\/en\/#organization"},"articleSection":["digitalcorner"],"inLanguage":"en-US"},{"@type":"WebPage","@id":"https:\/\/www.riskinsight-wavestone.com\/en\/2016\/06\/a-quand-le-deploiement-du-mobilier-urbain-communicant-dans-nos-villes-2\/","url":"https:\/\/www.riskinsight-wavestone.com\/en\/2016\/06\/a-quand-le-deploiement-du-mobilier-urbain-communicant-dans-nos-villes-2\/","name":"\u00c0 quand le d\u00e9ploiement du Mobilier Urbain Communicant dans nos villes ? - RiskInsight","isPartOf":{"@id":"https:\/\/www.riskinsight-wavestone.com\/en\/#website"},"datePublished":"2016-06-17T11:00:52+00:00","breadcrumb":{"@id":"https:\/\/www.riskinsight-wavestone.com\/en\/2016\/06\/a-quand-le-deploiement-du-mobilier-urbain-communicant-dans-nos-villes-2\/#breadcrumb"},"inLanguage":"en-US","potentialAction":[{"@type":"ReadAction","target":["https:\/\/www.riskinsight-wavestone.com\/en\/2016\/06\/a-quand-le-deploiement-du-mobilier-urbain-communicant-dans-nos-villes-2\/"]}]},{"@type":"BreadcrumbList","@id":"https:\/\/www.riskinsight-wavestone.com\/en\/2016\/06\/a-quand-le-deploiement-du-mobilier-urbain-communicant-dans-nos-villes-2\/#breadcrumb","itemListElement":[{"@type":"ListItem","position":1,"name":"Accueil","item":"https:\/\/www.riskinsight-wavestone.com\/en\/"},{"@type":"ListItem","position":2,"name":"\u00c0 quand le d\u00e9ploiement du Mobilier Urbain Communicant dans nos villes ?"}]},{"@type":"WebSite","@id":"https:\/\/www.riskinsight-wavestone.com\/en\/#website","url":"https:\/\/www.riskinsight-wavestone.com\/en\/","name":"RiskInsight","description":"The cybersecurity &amp; digital trust blog by Wavestone&#039;s consultants","publisher":{"@id":"https:\/\/www.riskinsight-wavestone.com\/en\/#organization"},"potentialAction":[{"@type":"SearchAction","target":{"@type":"EntryPoint","urlTemplate":"https:\/\/www.riskinsight-wavestone.com\/en\/?s={search_term_string}"},"query-input":{"@type":"PropertyValueSpecification","valueRequired":true,"valueName":"search_term_string"}}],"inLanguage":"en-US"},{"@type":"Organization","@id":"https:\/\/www.riskinsight-wavestone.com\/en\/#organization","name":"Wavestone","url":"https:\/\/www.riskinsight-wavestone.com\/en\/","logo":{"@type":"ImageObject","inLanguage":"en-US","@id":"https:\/\/www.riskinsight-wavestone.com\/en\/#\/schema\/logo\/image\/","url":"https:\/\/www.riskinsight-wavestone.com\/wp-content\/uploads\/2021\/08\/Monogramme\u2013W\u2013NEGA-RGB-50x50-1.png","contentUrl":"https:\/\/www.riskinsight-wavestone.com\/wp-content\/uploads\/2021\/08\/Monogramme\u2013W\u2013NEGA-RGB-50x50-1.png","width":50,"height":50,"caption":"Wavestone"},"image":{"@id":"https:\/\/www.riskinsight-wavestone.com\/en\/#\/schema\/logo\/image\/"}},{"@type":"Person","@id":"https:\/\/www.riskinsight-wavestone.com\/en\/#\/schema\/person\/61c2fe74fad6b31442e1706ccacf3421","name":"zephSolucomBO","url":"https:\/\/www.riskinsight-wavestone.com\/en\/author\/zephsolucombo\/"}]}},"_links":{"self":[{"href":"https:\/\/www.riskinsight-wavestone.com\/en\/wp-json\/wp\/v2\/posts\/9092","targetHints":{"allow":["GET"]}}],"collection":[{"href":"https:\/\/www.riskinsight-wavestone.com\/en\/wp-json\/wp\/v2\/posts"}],"about":[{"href":"https:\/\/www.riskinsight-wavestone.com\/en\/wp-json\/wp\/v2\/types\/post"}],"author":[{"embeddable":true,"href":"https:\/\/www.riskinsight-wavestone.com\/en\/wp-json\/wp\/v2\/users\/1269"}],"replies":[{"embeddable":true,"href":"https:\/\/www.riskinsight-wavestone.com\/en\/wp-json\/wp\/v2\/comments?post=9092"}],"version-history":[{"count":0,"href":"https:\/\/www.riskinsight-wavestone.com\/en\/wp-json\/wp\/v2\/posts\/9092\/revisions"}],"wp:attachment":[{"href":"https:\/\/www.riskinsight-wavestone.com\/en\/wp-json\/wp\/v2\/media?parent=9092"}],"wp:term":[{"taxonomy":"category","embeddable":true,"href":"https:\/\/www.riskinsight-wavestone.com\/en\/wp-json\/wp\/v2\/categories?post=9092"},{"taxonomy":"post_tag","embeddable":true,"href":"https:\/\/www.riskinsight-wavestone.com\/en\/wp-json\/wp\/v2\/tags?post=9092"},{"taxonomy":"author","embeddable":true,"href":"https:\/\/www.riskinsight-wavestone.com\/en\/wp-json\/wp\/v2\/coauthors?post=9092"}],"curies":[{"name":"wp","href":"https:\/\/api.w.org\/{rel}","templated":true}]}}